{"id":2699,"date":"2025-10-13T17:15:55","date_gmt":"2025-10-13T15:15:55","guid":{"rendered":"https:\/\/tevipa.com\/blog\/?p=2699"},"modified":"2025-10-13T17:15:57","modified_gmt":"2025-10-13T15:15:57","slug":"patron-de-la-falda-elefante","status":"publish","type":"post","link":"https:\/\/tevipa.com\/blog\/patron-de-la-falda-elefante\/","title":{"rendered":"Patr\u00f3n de la falda elefante"},"content":{"rendered":"\n<p class=\"has-text-align-right has-small-font-size\"><sup><em>Publicado originalmente el&nbsp;<strong>8 Marzo 2014<\/strong><\/em><\/sup><\/p>\n\n\n<style>.kb-image2699_8e1e7d-4c .kb-image-has-overlay:after{opacity:0.3;}<\/style>\n<div class=\"wp-block-kadence-image kb-image2699_8e1e7d-4c is-style-default\"><figure class=\"aligncenter size-medium\"><img loading=\"lazy\" decoding=\"async\" width=\"222\" height=\"300\" src=\"https:\/\/tevipa.com\/blog\/wp-content\/uploads\/2025\/07\/logo-cc1c-def-gran-222x300.jpg\" alt=\"Logo C\u00f3mo Cubrir un Cuerpo\" class=\"kb-img wp-image-68\" srcset=\"https:\/\/tevipa.com\/blog\/wp-content\/uploads\/2025\/07\/logo-cc1c-def-gran-222x300.jpg 222w, https:\/\/tevipa.com\/blog\/wp-content\/uploads\/2025\/07\/logo-cc1c-def-gran-757x1024.jpg 757w, https:\/\/tevipa.com\/blog\/wp-content\/uploads\/2025\/07\/logo-cc1c-def-gran-768x1039.jpg 768w, https:\/\/tevipa.com\/blog\/wp-content\/uploads\/2025\/07\/logo-cc1c-def-gran-1135x1536.jpg 1135w, https:\/\/tevipa.com\/blog\/wp-content\/uploads\/2025\/07\/logo-cc1c-def-gran-1514x2048.jpg 1514w, https:\/\/tevipa.com\/blog\/wp-content\/uploads\/2025\/07\/logo-cc1c-def-gran.jpg 1821w\" sizes=\"auto, (max-width: 222px) 100vw, 222px\" \/><\/figure><\/div>\n\n\n\n<h1 class=\"wp-block-heading has-text-align-center\" style=\"font-size:27px\"><strong>Patr\u00f3n de la falda elefante<\/strong><\/h1>\n\n\n<div class=\"wp-block-image\">\n<figure class=\"aligncenter size-full\"><img loading=\"lazy\" decoding=\"async\" width=\"527\" height=\"595\" src=\"https:\/\/tevipa.com\/blog\/wp-content\/uploads\/2025\/10\/patron_falda-elefante_paula.gif\" alt=\"Dise\u00f1o final de la falda elefante, con cortes asim\u00e9tricos y cintura baja, vista frontal y posterior\" class=\"wp-image-2705\"\/><\/figure>\n<\/div>\n\n\n<p>En este post haremos una transformaci\u00f3n de falda base a falda con cortes trasversales y como resultado obtendremos un patr\u00f3n que recuerda a la forma de un elefante.<\/p>\n\n\n\n<p>Partiremos de la falda base de talla 38, como le haremos cortes asim\u00e9tricos, tomaremos el delantero y&nbsp; la parte de atr\u00e1s enteros.<\/p>\n\n\n<div class=\"wp-block-image\">\n<figure class=\"aligncenter size-full\"><img loading=\"lazy\" decoding=\"async\" width=\"495\" height=\"352\" src=\"https:\/\/tevipa.com\/blog\/wp-content\/uploads\/2025\/10\/patron_falda-elefante_01.gif\" alt=\"Patr\u00f3n base de falda femenina talla 38 con pinzas de entalle en delantero y posterior\" class=\"wp-image-2703\"\/><\/figure>\n<\/div>\n\n\n<p>Lo primero que haremos es bajar la cintura 4 cent\u00edmetros para hacerle la cintura baja.<\/p>\n\n\n<div class=\"wp-block-image\">\n<figure class=\"aligncenter size-full\"><img loading=\"lazy\" decoding=\"async\" width=\"445\" height=\"352\" src=\"https:\/\/tevipa.com\/blog\/wp-content\/uploads\/2025\/10\/patron_falda-elefante_02.gif\" alt=\"Patr\u00f3n de falda base con la cintura bajada 4 cm y l\u00edneas de corte marcadas para la falda elefante\" class=\"wp-image-2704\"\/><\/figure>\n<\/div>\n\n\n<p>Una vez cortada la cintura trazaremos los cortes deseados. En la mitad derecha de delante trazaremos un corte desde mitad de cuerpo hasta l\u00ednea de petites hanches. En las hojas de atr\u00e1s trazaremos el corte desde esa misma l\u00ednea hasta m\u00e1s abajo de l\u00ednea de cadera, pod\u00e9is verlo en la ilustraci\u00f3n.<\/p>\n\n\n\n<p>La siguiente transformaci\u00f3n ser\u00e1 dar vuelo a la falda base, aumentando 3,5 cm las costuras laterales. Tengamos en cuenta que hay que regular el bajo.<\/p>\n\n\n<div class=\"wp-block-image\">\n<figure class=\"aligncenter size-full\"><img loading=\"lazy\" decoding=\"async\" width=\"445\" height=\"397\" src=\"https:\/\/tevipa.com\/blog\/wp-content\/uploads\/2025\/10\/patron_falda-elefante_03.gif\" alt=\"Transformaci\u00f3n del patr\u00f3n de falda base aumentando 3,5 cm en los costados para dar vuelo\" class=\"wp-image-2707\"\/><\/figure>\n<\/div>\n\n\n<p>Cerraremos por patronaje las pinzas del canes\u00fa de la hoja trasera izquierda y de la delantera derecha. A la hoja derecha del delante y la izquierda del detr\u00e1s le mantendremos las pinzas que posteriormente se cerraran en confecci\u00f3n.<\/p>\n\n\n<div class=\"wp-block-image\">\n<figure class=\"aligncenter size-full\"><img loading=\"lazy\" decoding=\"async\" width=\"483\" height=\"397\" src=\"https:\/\/tevipa.com\/blog\/wp-content\/uploads\/2025\/10\/patron_falda-elefante_04.gif\" alt=\"Cierre de pinzas del canes\u00fa delantero derecho y trasero izquierdo del patr\u00f3n de falda\" class=\"wp-image-2708\"\/><\/figure>\n<\/div>\n\n\n<p>En la siguiente ilustraci\u00f3n podemos ver el patr\u00f3n completo con los medios canes\u00faes con las pinzas cerradas. Abriremos por los cortes que hab\u00edamos decidido realizar a la falda y uniremos por patronaje las dos hojas de detr\u00e1s.<\/p>\n\n\n<div class=\"wp-block-image\">\n<figure class=\"aligncenter size-full\"><img loading=\"lazy\" decoding=\"async\" width=\"459\" height=\"397\" src=\"https:\/\/tevipa.com\/blog\/wp-content\/uploads\/2025\/10\/patron_falda-elefante_05.gif\" alt=\"Patr\u00f3n de falda mostrando la apertura de los cortes y la uni\u00f3n por patronaje del canes\u00fa posterior\" class=\"wp-image-2710\"\/><\/figure>\n<\/div>\n\n\n<p>EL canes\u00fa derecho del delantero lo uniremos por patronaje al detr\u00e1s como se ve en la imagen<\/p>\n\n\n<div class=\"wp-block-image\">\n<figure class=\"aligncenter size-full\"><img loading=\"lazy\" decoding=\"async\" width=\"565\" height=\"397\" src=\"https:\/\/tevipa.com\/blog\/wp-content\/uploads\/2025\/10\/patron_falda-elefante_06.gif\" alt=\"Uni\u00f3n del canes\u00fa delantero derecho al canes\u00fa posterior en el patr\u00f3n de falda\" class=\"wp-image-2709\"\/><\/figure>\n<\/div>\n\n\n<p>Juntaremos la mitad superior del detr\u00e1s con el delante por la costura lateral.<\/p>\n\n\n<div class=\"wp-block-image\">\n<figure class=\"aligncenter size-full\"><img loading=\"lazy\" decoding=\"async\" width=\"565\" height=\"397\" src=\"https:\/\/tevipa.com\/blog\/wp-content\/uploads\/2025\/10\/patron_falda-elefante_07.gif\" alt=\"Patr\u00f3n de falda uniendo la mitad superior del trasero con el delantero por la costura lateral\" class=\"wp-image-2712\"\/><\/figure>\n<\/div>\n\n\n<p>Uniremos la parte posterior del detr\u00e1s al delantero por la otra costura lateral.<\/p>\n\n\n\n<p>Como vemos en la ilustraci\u00f3n hemos obtenido un patr\u00f3n de falda con la forma de elefante.<\/p>\n\n\n<div class=\"wp-block-image\">\n<figure class=\"aligncenter size-full\"><img loading=\"lazy\" decoding=\"async\" width=\"629\" height=\"397\" src=\"https:\/\/tevipa.com\/blog\/wp-content\/uploads\/2025\/10\/patron_falda-elefante_08.gif\" alt=\"Uni\u00f3n de la parte inferior del trasero al delantero en el patr\u00f3n de falda elefante\" class=\"wp-image-2711\"\/><\/figure>\n<\/div>\n\n\n<p>En la pr\u00f3xima ilustraci\u00f3n uniremos la parte del detr\u00e1s con el delantero.<\/p>\n\n\n<div class=\"wp-block-image\">\n<figure class=\"aligncenter size-full\"><img loading=\"lazy\" decoding=\"async\" width=\"629\" height=\"397\" src=\"https:\/\/tevipa.com\/blog\/wp-content\/uploads\/2025\/10\/patron_falda-elefante_09.gif\" alt=\"Patr\u00f3n completo de la falda elefante tras unir las piezas delanteras y traseras\" class=\"wp-image-2714\"\/><\/figure>\n<\/div>\n\n\n<p>Lo \u00fanico que quedar\u00e1 ser\u00e1 trazar la enforma para la cintura de la falda y el cierre que estar\u00e1 en el corte que separa la parte superior de la falda del inferior desde la cintura hasta l\u00ednea de cadera.<\/p>\n\n\n<div class=\"wp-block-image\">\n<figure class=\"aligncenter size-full\"><img loading=\"lazy\" decoding=\"async\" width=\"481\" height=\"397\" src=\"https:\/\/tevipa.com\/blog\/wp-content\/uploads\/2025\/10\/patron_falda-elefante_10.gif\" alt=\"Trazo de la enforma de cintura y ubicaci\u00f3n del cierre de la falda\" class=\"wp-image-2715\"\/><\/figure>\n<\/div>\n\n\n<p>El despiece del patr\u00f3n de la falda elefante ser\u00e1 el siguiente:<\/p>\n\n\n<div class=\"wp-block-image\">\n<figure class=\"aligncenter size-full\"><img loading=\"lazy\" decoding=\"async\" width=\"481\" height=\"397\" src=\"https:\/\/tevipa.com\/blog\/wp-content\/uploads\/2025\/10\/patron_falda-elefante_11.gif\" alt=\"Despiece t\u00e9cnico con las distintas piezas del patr\u00f3n de la falda elefante\" class=\"wp-image-2713\"\/><\/figure>\n<\/div>","protected":false},"excerpt":{"rendered":"<p>Aprende a transformar una falda base en una falda con cortes asim\u00e9tricos y vuelo. Este patr\u00f3n, llamado \u201cfalda elefante\u201d, se caracteriza por su dise\u00f1o original y su estructura derivada de la falda base de talla 38. Incluye los pasos de trazado, cortes, uniones y despiece final<\/p>\n","protected":false},"author":1,"featured_media":2705,"comment_status":"open","ping_status":"open","sticky":false,"template":"","format":"standard","meta":{"_kad_post_transparent":"","_kad_post_title":"","_kad_post_layout":"","_kad_post_sidebar_id":"","_kad_post_content_style":"","_kad_post_vertical_padding":"","_kad_post_feature":"","_kad_post_feature_position":"","_kad_post_header":false,"_kad_post_footer":false,"_kad_post_classname":"","footnotes":""},"categories":[1018,23,1181,768],"tags":[44,30,38,34,674,90,1133,104,80,362,364,366,82,372,672,40,42,396,402,676],"class_list":["post-2699","post","type-post","status-publish","format-standard","has-post-thumbnail","hentry","category-archivo","category-patron","category-patron-faldas","category-transformacion","tag-como-cubrir-un-cuerpo","tag-comocubriruncuerpo","tag-creacion-de-moda","tag-disenador","tag-ensenanza-de-patronaje","tag-escuela-de-moda","tag-falda","tag-patron","tag-patronaje","tag-patronajemoda","tag-patronbase","tag-patronbase-2","tag-patrones","tag-sastreria","tag-tecnica-de-patronaje","tag-tele-virtual-patronage","tag-televirtualpatronage","tag-transformacionesdepatron","tag-transformacionesdepatron-2","tag-tutorial-patonaje"],"yoast_head":"<!-- This site is optimized with the Yoast SEO plugin v27.5 - https:\/\/yoast.com\/product\/yoast-seo-wordpress\/ -->\n<title>Patr\u00f3n de la falda elefante - Tele Virtual Patronage<\/title>\n<meta name=\"description\" content=\"Transforma una falda base en una falda elefante con cortes asim\u00e9tricos y vuelo. Patr\u00f3n completo con pasos y despiece final.\" \/>\n<meta name=\"robots\" content=\"index, follow, max-snippet:-1, max-image-preview:large, max-video-preview:-1\" \/>\n<link rel=\"canonical\" href=\"https:\/\/tevipa.com\/blog\/patron-de-la-falda-elefante\/\" \/>\n<meta property=\"og:locale\" content=\"it_IT\" \/>\n<meta property=\"og:type\" content=\"article\" \/>\n<meta property=\"og:title\" content=\"Patr\u00f3n de la falda elefante - Tele Virtual Patronage\" \/>\n<meta property=\"og:description\" content=\"Transforma una falda base en una falda elefante con cortes asim\u00e9tricos y vuelo. Patr\u00f3n completo con pasos y despiece final.\" \/>\n<meta property=\"og:url\" content=\"https:\/\/tevipa.com\/blog\/patron-de-la-falda-elefante\/\" \/>\n<meta property=\"og:site_name\" content=\"Tele Virtual Patronage\" \/>\n<meta property=\"article:published_time\" content=\"2025-10-13T15:15:55+00:00\" \/>\n<meta property=\"article:modified_time\" content=\"2025-10-13T15:15:57+00:00\" \/>\n<meta property=\"og:image\" content=\"https:\/\/tevipa.com\/blog\/wp-content\/uploads\/2025\/10\/patron_falda-elefante_paula.gif\" \/>\n\t<meta property=\"og:image:width\" content=\"527\" \/>\n\t<meta property=\"og:image:height\" content=\"595\" \/>\n\t<meta property=\"og:image:type\" content=\"image\/gif\" \/>\n<meta name=\"author\" content=\"Tele Virtual Patronage\" \/>\n<meta name=\"twitter:card\" content=\"summary_large_image\" \/>\n<meta name=\"twitter:label1\" content=\"Scritto da\" \/>\n\t<meta name=\"twitter:data1\" content=\"Tele Virtual Patronage\" \/>\n\t<meta name=\"twitter:label2\" content=\"Tempo di lettura stimato\" \/>\n\t<meta name=\"twitter:data2\" content=\"5 minuti\" \/>\n<script type=\"application\/ld+json\" class=\"yoast-schema-graph\">{\"@context\":\"https:\\\/\\\/schema.org\",\"@graph\":[{\"@type\":\"Article\",\"@id\":\"https:\\\/\\\/tevipa.com\\\/blog\\\/patron-de-la-falda-elefante\\\/#article\",\"isPartOf\":{\"@id\":\"https:\\\/\\\/tevipa.com\\\/blog\\\/patron-de-la-falda-elefante\\\/\"},\"author\":{\"name\":\"Tele Virtual Patronage\",\"@id\":\"https:\\\/\\\/tevipa.com\\\/blog\\\/#\\\/schema\\\/person\\\/439309947df9751f9c1a5ea04c9dfa0c\"},\"headline\":\"Patr\u00f3n de la falda elefante\",\"datePublished\":\"2025-10-13T15:15:55+00:00\",\"dateModified\":\"2025-10-13T15:15:57+00:00\",\"mainEntityOfPage\":{\"@id\":\"https:\\\/\\\/tevipa.com\\\/blog\\\/patron-de-la-falda-elefante\\\/\"},\"wordCount\":382,\"commentCount\":0,\"publisher\":{\"@id\":\"https:\\\/\\\/tevipa.com\\\/blog\\\/#organization\"},\"image\":{\"@id\":\"https:\\\/\\\/tevipa.com\\\/blog\\\/patron-de-la-falda-elefante\\\/#primaryimage\"},\"thumbnailUrl\":\"https:\\\/\\\/tevipa.com\\\/blog\\\/wp-content\\\/uploads\\\/2025\\\/10\\\/patron_falda-elefante_paula.gif\",\"keywords\":[\"como cubrir un cuerpo\",\"comocubriruncuerpo\",\"creaci\u00f3n de moda\",\"dise\u00f1ador\",\"ense\u00f1anza de patronaje\",\"escuela de moda\",\"falda\",\"patron\",\"patronaje\",\"patronajemoda\",\"patr\u00f3nbase\",\"patronbase\",\"patrones\",\"sastrer\u00eda\",\"t\u00e9cnica de patronaje\",\"tele virtual patronage\",\"televirtualpatronage\",\"transformacionesdepatr\u00f3n\",\"transformacionesdepatron\",\"tutorial patonaje\"],\"articleSection\":[\"Archivo\",\"Patr\u00f3n\",\"Patr\u00f3n faldas\",\"Transformaci\u00f3n\"],\"inLanguage\":\"it-IT\",\"potentialAction\":[{\"@type\":\"CommentAction\",\"name\":\"Comment\",\"target\":[\"https:\\\/\\\/tevipa.com\\\/blog\\\/patron-de-la-falda-elefante\\\/#respond\"]}]},{\"@type\":\"WebPage\",\"@id\":\"https:\\\/\\\/tevipa.com\\\/blog\\\/patron-de-la-falda-elefante\\\/\",\"url\":\"https:\\\/\\\/tevipa.com\\\/blog\\\/patron-de-la-falda-elefante\\\/\",\"name\":\"Patr\u00f3n de la falda elefante - Tele Virtual Patronage\",\"isPartOf\":{\"@id\":\"https:\\\/\\\/tevipa.com\\\/blog\\\/#website\"},\"primaryImageOfPage\":{\"@id\":\"https:\\\/\\\/tevipa.com\\\/blog\\\/patron-de-la-falda-elefante\\\/#primaryimage\"},\"image\":{\"@id\":\"https:\\\/\\\/tevipa.com\\\/blog\\\/patron-de-la-falda-elefante\\\/#primaryimage\"},\"thumbnailUrl\":\"https:\\\/\\\/tevipa.com\\\/blog\\\/wp-content\\\/uploads\\\/2025\\\/10\\\/patron_falda-elefante_paula.gif\",\"datePublished\":\"2025-10-13T15:15:55+00:00\",\"dateModified\":\"2025-10-13T15:15:57+00:00\",\"description\":\"Transforma una falda base en una falda elefante con cortes asim\u00e9tricos y vuelo. Patr\u00f3n completo con pasos y despiece final.\",\"breadcrumb\":{\"@id\":\"https:\\\/\\\/tevipa.com\\\/blog\\\/patron-de-la-falda-elefante\\\/#breadcrumb\"},\"inLanguage\":\"it-IT\",\"potentialAction\":[{\"@type\":\"ReadAction\",\"target\":[\"https:\\\/\\\/tevipa.com\\\/blog\\\/patron-de-la-falda-elefante\\\/\"]}]},{\"@type\":\"ImageObject\",\"inLanguage\":\"it-IT\",\"@id\":\"https:\\\/\\\/tevipa.com\\\/blog\\\/patron-de-la-falda-elefante\\\/#primaryimage\",\"url\":\"https:\\\/\\\/tevipa.com\\\/blog\\\/wp-content\\\/uploads\\\/2025\\\/10\\\/patron_falda-elefante_paula.gif\",\"contentUrl\":\"https:\\\/\\\/tevipa.com\\\/blog\\\/wp-content\\\/uploads\\\/2025\\\/10\\\/patron_falda-elefante_paula.gif\",\"width\":527,\"height\":595,\"caption\":\"Dise\u00f1o final de la falda elefante, con cortes asim\u00e9tricos y cintura baja, vista frontal y posterior\"},{\"@type\":\"BreadcrumbList\",\"@id\":\"https:\\\/\\\/tevipa.com\\\/blog\\\/patron-de-la-falda-elefante\\\/#breadcrumb\",\"itemListElement\":[{\"@type\":\"ListItem\",\"position\":1,\"name\":\"Home\",\"item\":\"https:\\\/\\\/tevipa.com\\\/blog\\\/\"},{\"@type\":\"ListItem\",\"position\":2,\"name\":\"Patr\u00f3n de la falda elefante\"}]},{\"@type\":\"WebSite\",\"@id\":\"https:\\\/\\\/tevipa.com\\\/blog\\\/#website\",\"url\":\"https:\\\/\\\/tevipa.com\\\/blog\\\/\",\"name\":\"Tele Virtual Patronage\",\"description\":\"Tevipa\",\"publisher\":{\"@id\":\"https:\\\/\\\/tevipa.com\\\/blog\\\/#organization\"},\"potentialAction\":[{\"@type\":\"SearchAction\",\"target\":{\"@type\":\"EntryPoint\",\"urlTemplate\":\"https:\\\/\\\/tevipa.com\\\/blog\\\/?s={search_term_string}\"},\"query-input\":{\"@type\":\"PropertyValueSpecification\",\"valueRequired\":true,\"valueName\":\"search_term_string\"}}],\"inLanguage\":\"it-IT\"},{\"@type\":\"Organization\",\"@id\":\"https:\\\/\\\/tevipa.com\\\/blog\\\/#organization\",\"name\":\"Tele Virtual Patronage\",\"url\":\"https:\\\/\\\/tevipa.com\\\/blog\\\/\",\"logo\":{\"@type\":\"ImageObject\",\"inLanguage\":\"it-IT\",\"@id\":\"https:\\\/\\\/tevipa.com\\\/blog\\\/#\\\/schema\\\/logo\\\/image\\\/\",\"url\":\"https:\\\/\\\/tevipa.com\\\/blog\\\/wp-content\\\/uploads\\\/2025\\\/07\\\/logo512.png\",\"contentUrl\":\"https:\\\/\\\/tevipa.com\\\/blog\\\/wp-content\\\/uploads\\\/2025\\\/07\\\/logo512.png\",\"width\":512,\"height\":512,\"caption\":\"Tele Virtual Patronage\"},\"image\":{\"@id\":\"https:\\\/\\\/tevipa.com\\\/blog\\\/#\\\/schema\\\/logo\\\/image\\\/\"}},{\"@type\":\"Person\",\"@id\":\"https:\\\/\\\/tevipa.com\\\/blog\\\/#\\\/schema\\\/person\\\/439309947df9751f9c1a5ea04c9dfa0c\",\"name\":\"Tele Virtual Patronage\",\"image\":{\"@type\":\"ImageObject\",\"inLanguage\":\"it-IT\",\"@id\":\"https:\\\/\\\/secure.gravatar.com\\\/avatar\\\/f607bbe11e9269431a07eb31aed42fdc6b68e5e5e6723f93ea63a815f4ec6134?s=96&d=mm&r=g\",\"url\":\"https:\\\/\\\/secure.gravatar.com\\\/avatar\\\/f607bbe11e9269431a07eb31aed42fdc6b68e5e5e6723f93ea63a815f4ec6134?s=96&d=mm&r=g\",\"contentUrl\":\"https:\\\/\\\/secure.gravatar.com\\\/avatar\\\/f607bbe11e9269431a07eb31aed42fdc6b68e5e5e6723f93ea63a815f4ec6134?s=96&d=mm&r=g\",\"caption\":\"Tele Virtual Patronage\"},\"sameAs\":[\"https:\\\/\\\/tevipa.com\\\/blog\"],\"url\":\"https:\\\/\\\/tevipa.com\\\/blog\\\/author\\\/tvpadm\\\/\"}]}<\/script>\n<!-- \/ Yoast SEO plugin. -->","yoast_head_json":{"title":"Patr\u00f3n de la falda elefante - Tele Virtual Patronage","description":"Transforma una falda base en una falda elefante con cortes asim\u00e9tricos y vuelo. Patr\u00f3n completo con pasos y despiece final.","robots":{"index":"index","follow":"follow","max-snippet":"max-snippet:-1","max-image-preview":"max-image-preview:large","max-video-preview":"max-video-preview:-1"},"canonical":"https:\/\/tevipa.com\/blog\/patron-de-la-falda-elefante\/","og_locale":"it_IT","og_type":"article","og_title":"Patr\u00f3n de la falda elefante - Tele Virtual Patronage","og_description":"Transforma una falda base en una falda elefante con cortes asim\u00e9tricos y vuelo. Patr\u00f3n completo con pasos y despiece final.","og_url":"https:\/\/tevipa.com\/blog\/patron-de-la-falda-elefante\/","og_site_name":"Tele Virtual Patronage","article_published_time":"2025-10-13T15:15:55+00:00","article_modified_time":"2025-10-13T15:15:57+00:00","og_image":[{"width":527,"height":595,"url":"https:\/\/tevipa.com\/blog\/wp-content\/uploads\/2025\/10\/patron_falda-elefante_paula.gif","type":"image\/gif"}],"author":"Tele Virtual Patronage","twitter_card":"summary_large_image","twitter_misc":{"Scritto da":"Tele Virtual Patronage","Tempo di lettura stimato":"5 minuti"},"schema":{"@context":"https:\/\/schema.org","@graph":[{"@type":"Article","@id":"https:\/\/tevipa.com\/blog\/patron-de-la-falda-elefante\/#article","isPartOf":{"@id":"https:\/\/tevipa.com\/blog\/patron-de-la-falda-elefante\/"},"author":{"name":"Tele Virtual Patronage","@id":"https:\/\/tevipa.com\/blog\/#\/schema\/person\/439309947df9751f9c1a5ea04c9dfa0c"},"headline":"Patr\u00f3n de la falda elefante","datePublished":"2025-10-13T15:15:55+00:00","dateModified":"2025-10-13T15:15:57+00:00","mainEntityOfPage":{"@id":"https:\/\/tevipa.com\/blog\/patron-de-la-falda-elefante\/"},"wordCount":382,"commentCount":0,"publisher":{"@id":"https:\/\/tevipa.com\/blog\/#organization"},"image":{"@id":"https:\/\/tevipa.com\/blog\/patron-de-la-falda-elefante\/#primaryimage"},"thumbnailUrl":"https:\/\/tevipa.com\/blog\/wp-content\/uploads\/2025\/10\/patron_falda-elefante_paula.gif","keywords":["como cubrir un cuerpo","comocubriruncuerpo","creaci\u00f3n de moda","dise\u00f1ador","ense\u00f1anza de patronaje","escuela de moda","falda","patron","patronaje","patronajemoda","patr\u00f3nbase","patronbase","patrones","sastrer\u00eda","t\u00e9cnica de patronaje","tele virtual patronage","televirtualpatronage","transformacionesdepatr\u00f3n","transformacionesdepatron","tutorial patonaje"],"articleSection":["Archivo","Patr\u00f3n","Patr\u00f3n faldas","Transformaci\u00f3n"],"inLanguage":"it-IT","potentialAction":[{"@type":"CommentAction","name":"Comment","target":["https:\/\/tevipa.com\/blog\/patron-de-la-falda-elefante\/#respond"]}]},{"@type":"WebPage","@id":"https:\/\/tevipa.com\/blog\/patron-de-la-falda-elefante\/","url":"https:\/\/tevipa.com\/blog\/patron-de-la-falda-elefante\/","name":"Patr\u00f3n de la falda elefante - Tele Virtual Patronage","isPartOf":{"@id":"https:\/\/tevipa.com\/blog\/#website"},"primaryImageOfPage":{"@id":"https:\/\/tevipa.com\/blog\/patron-de-la-falda-elefante\/#primaryimage"},"image":{"@id":"https:\/\/tevipa.com\/blog\/patron-de-la-falda-elefante\/#primaryimage"},"thumbnailUrl":"https:\/\/tevipa.com\/blog\/wp-content\/uploads\/2025\/10\/patron_falda-elefante_paula.gif","datePublished":"2025-10-13T15:15:55+00:00","dateModified":"2025-10-13T15:15:57+00:00","description":"Transforma una falda base en una falda elefante con cortes asim\u00e9tricos y vuelo. Patr\u00f3n completo con pasos y despiece final.","breadcrumb":{"@id":"https:\/\/tevipa.com\/blog\/patron-de-la-falda-elefante\/#breadcrumb"},"inLanguage":"it-IT","potentialAction":[{"@type":"ReadAction","target":["https:\/\/tevipa.com\/blog\/patron-de-la-falda-elefante\/"]}]},{"@type":"ImageObject","inLanguage":"it-IT","@id":"https:\/\/tevipa.com\/blog\/patron-de-la-falda-elefante\/#primaryimage","url":"https:\/\/tevipa.com\/blog\/wp-content\/uploads\/2025\/10\/patron_falda-elefante_paula.gif","contentUrl":"https:\/\/tevipa.com\/blog\/wp-content\/uploads\/2025\/10\/patron_falda-elefante_paula.gif","width":527,"height":595,"caption":"Dise\u00f1o final de la falda elefante, con cortes asim\u00e9tricos y cintura baja, vista frontal y posterior"},{"@type":"BreadcrumbList","@id":"https:\/\/tevipa.com\/blog\/patron-de-la-falda-elefante\/#breadcrumb","itemListElement":[{"@type":"ListItem","position":1,"name":"Home","item":"https:\/\/tevipa.com\/blog\/"},{"@type":"ListItem","position":2,"name":"Patr\u00f3n de la falda elefante"}]},{"@type":"WebSite","@id":"https:\/\/tevipa.com\/blog\/#website","url":"https:\/\/tevipa.com\/blog\/","name":"Tele Virtual Patronage","description":"Tevipa","publisher":{"@id":"https:\/\/tevipa.com\/blog\/#organization"},"potentialAction":[{"@type":"SearchAction","target":{"@type":"EntryPoint","urlTemplate":"https:\/\/tevipa.com\/blog\/?s={search_term_string}"},"query-input":{"@type":"PropertyValueSpecification","valueRequired":true,"valueName":"search_term_string"}}],"inLanguage":"it-IT"},{"@type":"Organization","@id":"https:\/\/tevipa.com\/blog\/#organization","name":"Tele Virtual Patronage","url":"https:\/\/tevipa.com\/blog\/","logo":{"@type":"ImageObject","inLanguage":"it-IT","@id":"https:\/\/tevipa.com\/blog\/#\/schema\/logo\/image\/","url":"https:\/\/tevipa.com\/blog\/wp-content\/uploads\/2025\/07\/logo512.png","contentUrl":"https:\/\/tevipa.com\/blog\/wp-content\/uploads\/2025\/07\/logo512.png","width":512,"height":512,"caption":"Tele Virtual Patronage"},"image":{"@id":"https:\/\/tevipa.com\/blog\/#\/schema\/logo\/image\/"}},{"@type":"Person","@id":"https:\/\/tevipa.com\/blog\/#\/schema\/person\/439309947df9751f9c1a5ea04c9dfa0c","name":"Tele Virtual Patronage","image":{"@type":"ImageObject","inLanguage":"it-IT","@id":"https:\/\/secure.gravatar.com\/avatar\/f607bbe11e9269431a07eb31aed42fdc6b68e5e5e6723f93ea63a815f4ec6134?s=96&d=mm&r=g","url":"https:\/\/secure.gravatar.com\/avatar\/f607bbe11e9269431a07eb31aed42fdc6b68e5e5e6723f93ea63a815f4ec6134?s=96&d=mm&r=g","contentUrl":"https:\/\/secure.gravatar.com\/avatar\/f607bbe11e9269431a07eb31aed42fdc6b68e5e5e6723f93ea63a815f4ec6134?s=96&d=mm&r=g","caption":"Tele Virtual Patronage"},"sameAs":["https:\/\/tevipa.com\/blog"],"url":"https:\/\/tevipa.com\/blog\/author\/tvpadm\/"}]}},"_links":{"self":[{"href":"https:\/\/tevipa.com\/blog\/wp-json\/wp\/v2\/posts\/2699","targetHints":{"allow":["GET"]}}],"collection":[{"href":"https:\/\/tevipa.com\/blog\/wp-json\/wp\/v2\/posts"}],"about":[{"href":"https:\/\/tevipa.com\/blog\/wp-json\/wp\/v2\/types\/post"}],"author":[{"embeddable":true,"href":"https:\/\/tevipa.com\/blog\/wp-json\/wp\/v2\/users\/1"}],"replies":[{"embeddable":true,"href":"https:\/\/tevipa.com\/blog\/wp-json\/wp\/v2\/comments?post=2699"}],"version-history":[{"count":5,"href":"https:\/\/tevipa.com\/blog\/wp-json\/wp\/v2\/posts\/2699\/revisions"}],"predecessor-version":[{"id":2716,"href":"https:\/\/tevipa.com\/blog\/wp-json\/wp\/v2\/posts\/2699\/revisions\/2716"}],"wp:featuredmedia":[{"embeddable":true,"href":"https:\/\/tevipa.com\/blog\/wp-json\/wp\/v2\/media\/2705"}],"wp:attachment":[{"href":"https:\/\/tevipa.com\/blog\/wp-json\/wp\/v2\/media?parent=2699"}],"wp:term":[{"taxonomy":"category","embeddable":true,"href":"https:\/\/tevipa.com\/blog\/wp-json\/wp\/v2\/categories?post=2699"},{"taxonomy":"post_tag","embeddable":true,"href":"https:\/\/tevipa.com\/blog\/wp-json\/wp\/v2\/tags?post=2699"}],"curies":[{"name":"wp","href":"https:\/\/api.w.org\/{rel}","templated":true}]}}